{"id":55,"date":"2020-06-18T17:52:19","date_gmt":"2020-06-18T15:52:19","guid":{"rendered":"https:\/\/agdebate.die-linke.cloud\/?p=55"},"modified":"2020-06-18T18:40:19","modified_gmt":"2020-06-18T16:40:19","slug":"redebeitrag-zum-gedenken-anlaesslich-des-internationalen-gedenktags-an-die-opfer-der-shoah-und-die-befreiung-von-auschwitz-27-januar-2020","status":"publish","type":"post","link":"https:\/\/agdebate.die-linke.cloud\/?p=55","title":{"rendered":"Redebeitrag zum Gedenken anl\u00e4sslich des Internationalen Gedenktags an die Opfer der Shoah und die Befreiung von Auschwitz &#8211; 27. Januar 2020"},"content":{"rendered":"\n<p>Unser Redebeitrag zur Gedenkkundgebung anl\u00e4sslich des Internationalen Gedenktags an die Opfer der Shoah und die Befreiung von Auschwitz durch die Rote Armee:<\/p>\n\n\n\n<p>&#8222;Wir sind heute hier zusammen gekommen, um zu gedenken. Um an den gr\u00f6\u00dften Zivilisationsbruch zu erinnern, den es gab &#8211; und den die meisten gerne aufgearbeitet w\u00fcssten, ohne sich ansatzweise mit dieser Aufarbeitung konfrontiert zu haben. Denn dieser Prozess bedarf mehr als ein paar niedergelegte Kr\u00e4nze und dazu gesprochene, meist gut klingende aber oft wenig sagende Worte. Mitnichten wollen wir den Grund und die Notwendigkeit unserer Zusammenkunft am heutigen Tage kleinreden oder gar negieren, doch bedarf es weit mehr, um &#8222;das Denken so einzurichten, dass Auschwitz nicht noch einmal sei, sich nicht wiederhole.&#8220;<br>Der Anschlag in Halle und die unz\u00e4hligen, mittlerweile fast t\u00e4glich stattfindenden, antisemitischen Anfeindungen und Angriffe machen deutlich, wie zugespitzt die Lage ist &#8211; zumindest sollte man meinen, dass sie das t\u00e4ten. Doch die Konsequenzen bleiben aus. An Jahrestagen wie dem heutigen werden Reden im Gedenken gehalten, oder bekannte Zitate getwittert&#8230; Aber an der Situation derer, die aktuell von Anfeindungen aus \u00e4hnlicher Motivation betroffen sind \u00e4ndert sich wenig bis nichts. In Deutschland denkt man lieber an tote, anstatt an lebendige Juden.<br>Denn w\u00e4hrend J\u00fcdinnen und Juden mit Schusswaffen, Messern, Tritten und Schl\u00e4gen angegriffen, angespuckt, beleidigt und verh\u00f6hnt werden, w\u00e4hrend Verschw\u00f6rungsmythen und Hassbotschaften das Internet fluten &#8211; w\u00e4hrenddessen entscheiden Gerichte, dass man Antisemiten nicht mehr als Antisemiten bezeichnen darf, weil es ihren Ruf sch\u00e4digen w\u00fcrde; Werten Gerichte einen Brandanschlag auf eine Synagoge als sog. &#8222;Israelkritik&#8220;; d\u00fcrfen Nazis mit &#8222;nie wieder Israel&#8220; Sprechch\u00f6ren durch St\u00e4dte marschieren; Islamisten vor dem Brandenburger Tor Israelfahnen verbrennen und linke Gruppen Israelhasser an Universit\u00e4ten zu Vortr\u00e4gen einladen. Und w\u00e4hrend deutsche Politiker ungew\u00f6hnlich viele UN-Resolutionen gegen Israel mit beschlie\u00dfen, werden Vertreter des antisemitischen iranischen Terrorregimes von deutschen Politikern hofiert.<br>In Anbetracht der Zeit belassen wir es bei dieser knappen Aufz\u00e4hlung, auch wenn sich die Liste beliebig fortsetzen lie\u00dfe. Doch wir denken, dass diese ausreicht um zu verdeutlichen, dass es mehr braucht, als Gedenkworte, um dem, von den \u00fcberlebenden geforderten &#8222;nie wieder&#8220; gerecht zu werden.<\/p>\n\n\n\n<p>Der Antisemitismus war nie verschwunden, er wei\u00df sich nur anzupassen. Unsere Aufgabe ist es, ihn zu entlarven und mit allen uns zur Verf\u00fcgung stehenden Mitteln, auf allen Ebenen zu bek\u00e4mpfen!<\/p>\n\n\n\n<p>Dies gilt auch, und ins besondere, f\u00fcr den Israelbezogenen Antisemitismus &#8211; welcher sich so gerne hinter &#8222;Kritik&#8220; versteckt. Doch wenn man den einzigen selbstbestimmten Schutzraum f\u00fcr J\u00fcdinnen und Juden kritisieren will, sollte man nicht fragen ob man das darf &#8211; sondern warum man diese Obsession hat, ausgerechnet den Staat Israel angehen zu m\u00fcssen. Denn in diesem, von wahnhaften Feinden umzingelten Staat, liegt die Lebensversicherung f\u00fcr J\u00fcdinnen und Juden weltweit. Hier transformiert sich die bereits erw\u00e4hnte Forderung &#8222;nie wieder&#8220; zum notwendigen Leitgedanken &#8222;nie wieder wehrlos!&#8220; &#8211; und auch das muss mit allen Mitteln unterst\u00fctzt werden, so lange diese (durch den weltweit grassierenden Antisemitismus diktierte) Notwendigkeit besteht!<\/p>\n\n\n\n<p>Friedrich D\u00fcrrenmatt illustrierte dies bereits 1976 in einem Essay, aus welchem folgendes Zitat stammt:<\/p>\n\n\n\n<blockquote class=\"wp-block-quote\"><p>&#8222;Ich, der ich sonst f\u00fcr keinen Staat besonders eintrete, der ich sonst \u00fcber Staaten nicht gerade zimperlich denke und \u00fcber den Nationalismus ausgesprochen b\u00f6sartig, stehe f\u00fcr Israel ein, weil ich diesen Staat f\u00fcr notwendig halte. [&#8230;]<br>Die Vernichtungslager, wo j\u00fcdisches Volk unterging, ohne sich zu wehren, und der Aufstand des Warschauer Ghettos, wo j\u00fcdisches Volk vernichtet wurde, indem es sich wehrte, diese zwei f\u00fcrchterlichen M\u00f6glichkeiten, die einem Volk am Ende bleiben, forderten, damit sie sich nicht wiederholen, den j\u00fcdischen Staat. [\u2026]<br>Einen erhabeneren Grund, einen Staat zu gr\u00fcnden, mag es geben, einen notwendigeren nicht.&#8220;&#8220;<\/p><\/blockquote>\n\n\n\n<figure class=\"wp-block-image size-large\"><img decoding=\"async\" loading=\"lazy\" width=\"1024\" height=\"766\" src=\"https:\/\/agdebate.die-linke.cloud\/wp-content\/uploads\/2020\/06\/auschwitz-1024x766.jpg\" alt=\"\" class=\"wp-image-56\" srcset=\"https:\/\/agdebate.die-linke.cloud\/wp-content\/uploads\/2020\/06\/auschwitz-1024x766.jpg 1024w, https:\/\/agdebate.die-linke.cloud\/wp-content\/uploads\/2020\/06\/auschwitz-300x225.jpg 300w, https:\/\/agdebate.die-linke.cloud\/wp-content\/uploads\/2020\/06\/auschwitz-768x575.jpg 768w, https:\/\/agdebate.die-linke.cloud\/wp-content\/uploads\/2020\/06\/auschwitz-800x599.jpg 800w, https:\/\/agdebate.die-linke.cloud\/wp-content\/uploads\/2020\/06\/auschwitz-400x300.jpg 400w, https:\/\/agdebate.die-linke.cloud\/wp-content\/uploads\/2020\/06\/auschwitz.jpg 1280w\" sizes=\"(max-width: 1024px) 100vw, 1024px\" \/><\/figure>\n","protected":false},"excerpt":{"rendered":"<p>Unser Redebeitrag zur Gedenkkundgebung anl\u00e4sslich des Internationalen Gedenktags an die Opfer der Shoah und die Befreiung von Auschwitz durch die Rote Armee: &#8222;Wir sind heute hier zusammen gekommen, um zu gedenken. Um an den gr\u00f6\u00dften Zivilisationsbruch zu erinnern, den es gab &#8211; und den die meisten gerne aufgearbeitet w\u00fcssten, ohne sich ansatzweise mit dieser Aufarbeitung konfrontiert zu haben. Denn dieser Prozess bedarf mehr als ein paar niedergelegte Kr\u00e4nze und dazu gesprochene, meist gut klingende aber oft wenig sagende Worte. Mitnichten wollen wir den Grund und die Notwendigkeit unserer Zusammenkunft am heutigen Tage kleinreden oder gar negieren, doch bedarf es weit mehr, um &#8222;das<\/p>\n<p><a class=\"more-link\" href=\"https:\/\/agdebate.die-linke.cloud\/?p=55\">Weiterlesen<\/a><\/p>\n","protected":false},"author":2,"featured_media":0,"comment_status":"open","ping_status":"open","sticky":false,"template":"","format":"standard","meta":[],"categories":[1],"tags":[],"_links":{"self":[{"href":"https:\/\/agdebate.die-linke.cloud\/index.php?rest_route=\/wp\/v2\/posts\/55"}],"collection":[{"href":"https:\/\/agdebate.die-linke.cloud\/index.php?rest_route=\/wp\/v2\/posts"}],"about":[{"href":"https:\/\/agdebate.die-linke.cloud\/index.php?rest_route=\/wp\/v2\/types\/post"}],"author":[{"embeddable":true,"href":"https:\/\/agdebate.die-linke.cloud\/index.php?rest_route=\/wp\/v2\/users\/2"}],"replies":[{"embeddable":true,"href":"https:\/\/agdebate.die-linke.cloud\/index.php?rest_route=%2Fwp%2Fv2%2Fcomments&post=55"}],"version-history":[{"count":1,"href":"https:\/\/agdebate.die-linke.cloud\/index.php?rest_route=\/wp\/v2\/posts\/55\/revisions"}],"predecessor-version":[{"id":57,"href":"https:\/\/agdebate.die-linke.cloud\/index.php?rest_route=\/wp\/v2\/posts\/55\/revisions\/57"}],"wp:attachment":[{"href":"https:\/\/agdebate.die-linke.cloud\/index.php?rest_route=%2Fwp%2Fv2%2Fmedia&parent=55"}],"wp:term":[{"taxonomy":"category","embeddable":true,"href":"https:\/\/agdebate.die-linke.cloud\/index.php?rest_route=%2Fwp%2Fv2%2Fcategories&post=55"},{"taxonomy":"post_tag","embeddable":true,"href":"https:\/\/agdebate.die-linke.cloud\/index.php?rest_route=%2Fwp%2Fv2%2Ftags&post=55"}],"curies":[{"name":"wp","href":"https:\/\/api.w.org\/{rel}","templated":true}]}}