{"id":52,"date":"2020-06-18T17:49:49","date_gmt":"2020-06-18T15:49:49","guid":{"rendered":"https:\/\/agdebate.die-linke.cloud\/?p=52"},"modified":"2020-06-18T18:40:13","modified_gmt":"2020-06-18T16:40:13","slug":"veranstaltungsreihe-antisemitismus-in","status":"publish","type":"post","link":"https:\/\/agdebate.die-linke.cloud\/?p=52","title":{"rendered":"Veranstaltungsreihe &#8222;Antisemitismus in&#8230;&#8220;"},"content":{"rendered":"\n<blockquote class=\"wp-block-quote\"><p>\u201e<em>\u2026 existierte der Jude nicht, der Antisemit w\u00fcrde ihn erfinden.<\/em>\u201c<br>[Jean-Paul Sartre]<\/p><\/blockquote>\n\n\n\n<p>Geht es um Antisemitismus, werden in den meisten Debatten schnell Schuldige ausgemacht oder nur Teilbereiche des \u00f6ffentlichen Lebens betrachtet. Dabei wird jedoch verkannt, dass einzelne politische oder popkulturelle \u00c4u\u00dferungen nur gesellschaftliche Ph\u00e4nomene darstellen, und nicht allein Ausdruck subkultureller Strukturen sind. So schl\u00e4gt jede Analyse fehl, die Antisemitismus als Randerscheinung einzelner Gruppen begreift, und diesen nicht in einen gesamtgesellschaftlichen Kontext setzt. Er ist schon lange fester Bestandteil dessen, zieht sich durch s\u00e4mtliche Bereiche \u2013 findet dabei nur immer wieder verschiedene Formen des Ausdrucks und der Sichtbarkeit.<br>Dem Antisemiten geht es in seinem geschlossenen Weltbild nicht darum, was J\u00fcdinnen und Juden tun oder nicht tun \u2013 er passt sein Bild von \u201eden Juden\u201c nicht einer Erfahrung an, sondern umgekehrt: sein vorgefertigtes Bild bestimmt die Erfahrung. Oder um es mit den Worten von Jean-Paul Sartre zu sagen: \u201e\u2026 existierte der Jude nicht, der Antisemit w\u00fcrde ihn erfinden.\u201c<br>Die Veranstaltungsreihe soll die Ausdrucksweisen und Merkmale des Antisemitismus in einigen solchen Bereichen aufzeigen, die Verbreitung jener Vorstellungen verdeutlichen und dabei die Notwendigkeit einer gesamtgesellschaftlichen Analyse hervorheben.<br>Lasst uns gemeinsam den Versuch unternehmen, der heute wieder erstarkenden Judenfeindschaft auf den Grund zu gehen. Wir freuen uns darauf mit euch diesen Exkurs zu wagen.<\/p>\n\n\n\n<figure class=\"wp-block-image size-large is-resized\"><img decoding=\"async\" loading=\"lazy\" src=\"https:\/\/agdebate.die-linke.cloud\/wp-content\/uploads\/2020\/06\/photo_2020-06-18_12-54-51-730x1024.jpg\" alt=\"\" class=\"wp-image-53\" width=\"452\" height=\"633\" srcset=\"https:\/\/agdebate.die-linke.cloud\/wp-content\/uploads\/2020\/06\/photo_2020-06-18_12-54-51-730x1024.jpg 730w, https:\/\/agdebate.die-linke.cloud\/wp-content\/uploads\/2020\/06\/photo_2020-06-18_12-54-51-214x300.jpg 214w, https:\/\/agdebate.die-linke.cloud\/wp-content\/uploads\/2020\/06\/photo_2020-06-18_12-54-51-768x1077.jpg 768w, https:\/\/agdebate.die-linke.cloud\/wp-content\/uploads\/2020\/06\/photo_2020-06-18_12-54-51-800x1122.jpg 800w, https:\/\/agdebate.die-linke.cloud\/wp-content\/uploads\/2020\/06\/photo_2020-06-18_12-54-51.jpg 913w\" sizes=\"(max-width: 452px) 100vw, 452px\" \/><\/figure>\n","protected":false},"excerpt":{"rendered":"<p>\u201e\u2026 existierte der Jude nicht, der Antisemit w\u00fcrde ihn erfinden.\u201c[Jean-Paul Sartre] Geht es um Antisemitismus, werden in den meisten Debatten schnell Schuldige ausgemacht oder nur Teilbereiche des \u00f6ffentlichen Lebens betrachtet. Dabei wird jedoch verkannt, dass einzelne politische oder popkulturelle \u00c4u\u00dferungen nur gesellschaftliche Ph\u00e4nomene darstellen, und nicht allein Ausdruck subkultureller Strukturen sind. So schl\u00e4gt jede Analyse fehl, die Antisemitismus als Randerscheinung einzelner Gruppen begreift, und diesen nicht in einen gesamtgesellschaftlichen Kontext setzt. Er ist schon lange fester Bestandteil dessen, zieht sich durch s\u00e4mtliche Bereiche \u2013 findet dabei nur immer wieder verschiedene Formen des Ausdrucks und der Sichtbarkeit.Dem Antisemiten geht es in seinem geschlossenen Weltbild<\/p>\n<p><a class=\"more-link\" href=\"https:\/\/agdebate.die-linke.cloud\/?p=52\">Weiterlesen<\/a><\/p>\n","protected":false},"author":2,"featured_media":0,"comment_status":"open","ping_status":"open","sticky":false,"template":"","format":"standard","meta":[],"categories":[1],"tags":[],"_links":{"self":[{"href":"https:\/\/agdebate.die-linke.cloud\/index.php?rest_route=\/wp\/v2\/posts\/52"}],"collection":[{"href":"https:\/\/agdebate.die-linke.cloud\/index.php?rest_route=\/wp\/v2\/posts"}],"about":[{"href":"https:\/\/agdebate.die-linke.cloud\/index.php?rest_route=\/wp\/v2\/types\/post"}],"author":[{"embeddable":true,"href":"https:\/\/agdebate.die-linke.cloud\/index.php?rest_route=\/wp\/v2\/users\/2"}],"replies":[{"embeddable":true,"href":"https:\/\/agdebate.die-linke.cloud\/index.php?rest_route=%2Fwp%2Fv2%2Fcomments&post=52"}],"version-history":[{"count":1,"href":"https:\/\/agdebate.die-linke.cloud\/index.php?rest_route=\/wp\/v2\/posts\/52\/revisions"}],"predecessor-version":[{"id":54,"href":"https:\/\/agdebate.die-linke.cloud\/index.php?rest_route=\/wp\/v2\/posts\/52\/revisions\/54"}],"wp:attachment":[{"href":"https:\/\/agdebate.die-linke.cloud\/index.php?rest_route=%2Fwp%2Fv2%2Fmedia&parent=52"}],"wp:term":[{"taxonomy":"category","embeddable":true,"href":"https:\/\/agdebate.die-linke.cloud\/index.php?rest_route=%2Fwp%2Fv2%2Fcategories&post=52"},{"taxonomy":"post_tag","embeddable":true,"href":"https:\/\/agdebate.die-linke.cloud\/index.php?rest_route=%2Fwp%2Fv2%2Ftags&post=52"}],"curies":[{"name":"wp","href":"https:\/\/api.w.org\/{rel}","templated":true}]}}